{"id":248,"date":"2024-03-27T21:15:44","date_gmt":"2024-03-27T19:15:44","guid":{"rendered":"https:\/\/intranet.velkytynec.cz\/?p=248"},"modified":"2024-03-27T21:15:44","modified_gmt":"2024-03-27T19:15:44","slug":"stavime-nove-na-ulici-na-vystavisti","status":"publish","type":"post","link":"https:\/\/intranet.velkytynec.cz\/?p=248","title":{"rendered":"stav\u00edme nov\u011b na ulici Na V\u00fdstavi\u0161ti"},"content":{"rendered":"\n<p>na Ulici na V\u00fdstavi\u0161ti byla zah\u00e1jena d\u016fle\u017eit\u00e1 etapa obecn\u00ed optick\u00e9 s\u00edt\u011b. D\u00e9lka nov\u00e9 trasy je p\u0159es 400m. Za\u010d\u00edn\u00e1 napojen\u00edm na st\u00e1vaj\u00edc\u00ed trasu u po\u0161ty a bude kon\u010dit u toku T\u00fdne\u010dky, u mostu.<\/p>\n\n\n\n<p>O\u010dek\u00e1m\u00e1me, \u017ee ulo\u017een\u00edm optick\u00e9ho kabelu pod povrch dojte oproti sou\u010dasn\u00e9mu z\u00e1v\u011bsu, ke zv\u00fd\u0161en\u00ed zabezpe\u010den\u00ed a tud\u00ed\u017e nebude doch\u00e1zet k po\u017ekozov\u00e1n\u00ed (nez\u00e1m\u011brn\u00e9ho) t\u0159et\u00edmi osobami.<\/p>\n\n\n\n<p>Cel\u00e1 stavb\u00e1 je prvn\u00ed etapou velk\u00e9ho projektu, kter\u00fd dovede bezpe\u010dn\u00fd podzemn\u00ed optick\u00fd internet a\u017e do Kom\u00e1rova.<\/p>\n\n\n\n<p>Na ulici Na V\u00fdstavi\u0161ti budou v\u0161ichni klienti zde vyu\u017e\u00edvaj\u00edc\u00ed st\u00e1vaj\u00edc\u00ed bezdr\u00e1tov\u00e9 p\u0159ipojen\u00ed p\u0159es obecn\u00ed s\u00ed\u0165 internetu automaticky p\u0159epojeni p\u0159es optick\u00e9 p\u0159\u00edpojky. V\u0161ichni ostatn\u00ed maj\u00ed mo\u017enost se p\u0159idat a kdy\u017e si b\u011bhem v\u00fdstavby sjednaj\u00ed smlouvu o p\u0159ipojen\u00ed, budou rovn\u011b\u017e aktivov\u00e1ni. Pod\u011bj\u0161\u00ed individu\u00e1ln\u00ed p\u0159ipojky budou mo\u017en\u00e9. Cenu za z\u0159\u00edzen\u00ed (hlavn\u011b v\u00fdkopov\u00e9 pr\u00e1ce) ji\u017e p\u016fjdou bohu\u017eel na jejich vrub.<\/p>\n\n\n\n<p>Nov\u011b budovan\u00e1 v\u011btev rovn\u011b\u017e po\u010d\u00edt\u00e1 s napojen\u00edm ulice Chmelov\u00e1.<\/p>\n\n\n\n<p><\/p>\n","protected":false},"excerpt":{"rendered":"<p>na Ulici na V\u00fdstavi\u0161ti byla zah\u00e1jena d\u016fle\u017eit\u00e1 etapa obecn\u00ed optick\u00e9 s\u00edt\u011b. D\u00e9lka nov\u00e9 trasy je p\u0159es 400m. Za\u010d\u00edn\u00e1 napojen\u00edm na st\u00e1vaj\u00edc\u00ed trasu u po\u0161ty a bude kon\u010dit u toku T\u00fdne\u010dky, u mostu. O\u010dek\u00e1m\u00e1me, \u017ee ulo\u017een\u00edm optick\u00e9ho kabelu pod povrch dojte oproti sou\u010dasn\u00e9mu z\u00e1v\u011bsu, ke zv\u00fd\u0161en\u00ed zabezpe\u010den\u00ed a tud\u00ed\u017e nebude doch\u00e1zet k po\u017ekozov\u00e1n\u00ed (nez\u00e1m\u011brn\u00e9ho) t\u0159et\u00edmi osobami. [&hellip;]<\/p>\n","protected":false},"author":1,"featured_media":0,"comment_status":"closed","ping_status":"closed","sticky":false,"template":"","format":"standard","meta":{"footnotes":""},"categories":[1],"tags":[],"class_list":["post-248","post","type-post","status-publish","format-standard","hentry","category-nezarazene"],"_links":{"self":[{"href":"https:\/\/intranet.velkytynec.cz\/index.php?rest_route=\/wp\/v2\/posts\/248","targetHints":{"allow":["GET"]}}],"collection":[{"href":"https:\/\/intranet.velkytynec.cz\/index.php?rest_route=\/wp\/v2\/posts"}],"about":[{"href":"https:\/\/intranet.velkytynec.cz\/index.php?rest_route=\/wp\/v2\/types\/post"}],"author":[{"embeddable":true,"href":"https:\/\/intranet.velkytynec.cz\/index.php?rest_route=\/wp\/v2\/users\/1"}],"replies":[{"embeddable":true,"href":"https:\/\/intranet.velkytynec.cz\/index.php?rest_route=%2Fwp%2Fv2%2Fcomments&post=248"}],"version-history":[{"count":1,"href":"https:\/\/intranet.velkytynec.cz\/index.php?rest_route=\/wp\/v2\/posts\/248\/revisions"}],"predecessor-version":[{"id":249,"href":"https:\/\/intranet.velkytynec.cz\/index.php?rest_route=\/wp\/v2\/posts\/248\/revisions\/249"}],"wp:attachment":[{"href":"https:\/\/intranet.velkytynec.cz\/index.php?rest_route=%2Fwp%2Fv2%2Fmedia&parent=248"}],"wp:term":[{"taxonomy":"category","embeddable":true,"href":"https:\/\/intranet.velkytynec.cz\/index.php?rest_route=%2Fwp%2Fv2%2Fcategories&post=248"},{"taxonomy":"post_tag","embeddable":true,"href":"https:\/\/intranet.velkytynec.cz\/index.php?rest_route=%2Fwp%2Fv2%2Ftags&post=248"}],"curies":[{"name":"wp","href":"https:\/\/api.w.org\/{rel}","templated":true}]}}