{"id":147,"date":"2015-10-05T18:52:30","date_gmt":"2015-10-05T16:52:30","guid":{"rendered":"https:\/\/intranet.velkytynec.cz\/?p=147"},"modified":"2015-10-05T18:52:30","modified_gmt":"2015-10-05T16:52:30","slug":"optika-ve-dvore","status":"publish","type":"post","link":"https:\/\/intranet.velkytynec.cz\/?p=147","title":{"rendered":"Optika Ve Dvo\u0159e"},"content":{"rendered":"<p>S reko<a href=\"https:\/\/intranet.velkytynec.cz\/wp-content\/uploads\/2014\/09\/optika.png\"><img loading=\"lazy\" decoding=\"async\" class=\"  wp-image-61 alignleft\" src=\"https:\/\/intranet.velkytynec.cz\/wp-content\/uploads\/2014\/09\/optika-300x233.png\" alt=\"optika\" width=\"178\" height=\"138\" srcset=\"https:\/\/intranet.velkytynec.cz\/wp-content\/uploads\/2014\/09\/optika-300x233.png 300w, https:\/\/intranet.velkytynec.cz\/wp-content\/uploads\/2014\/09\/optika.png 327w\" sizes=\"auto, (max-width: 178px) 100vw, 178px\" \/><\/a>nstrukc\u00ed asfaltov\u00e9ho povrchu uli\u010dky Ve Dvo\u0159e v \u010cechovic\u00edch se m\u00edstn\u00ed ob\u010dan\u00e9 do\u010dkali i mo\u017enosti p\u0159ipojen\u00ed k obecn\u00ed optick\u00e9 s\u00edti. FTTH p\u0159ipojen\u00ed si budou moci u\u017e\u00edvat rychlost\u00ed a\u017e 100Mbit. Pro dal\u0161\u00ed informace kontktujte spr\u00e1vce.<\/p>\n<p>&nbsp;<\/p>\n","protected":false},"excerpt":{"rendered":"<p>S rekonstrukc\u00ed asfaltov\u00e9ho povrchu uli\u010dky Ve Dvo\u0159e v \u010cechovic\u00edch se m\u00edstn\u00ed ob\u010dan\u00e9 do\u010dkali i mo\u017enosti p\u0159ipojen\u00ed k obecn\u00ed optick\u00e9 s\u00edti. FTTH p\u0159ipojen\u00ed si budou moci u\u017e\u00edvat rychlost\u00ed a\u017e 100Mbit. Pro dal\u0161\u00ed informace kontktujte spr\u00e1vce. &nbsp;<\/p>\n","protected":false},"author":1,"featured_media":0,"comment_status":"closed","ping_status":"closed","sticky":false,"template":"","format":"standard","meta":{"footnotes":""},"categories":[1],"tags":[],"class_list":["post-147","post","type-post","status-publish","format-standard","hentry","category-nezarazene"],"_links":{"self":[{"href":"https:\/\/intranet.velkytynec.cz\/index.php?rest_route=\/wp\/v2\/posts\/147","targetHints":{"allow":["GET"]}}],"collection":[{"href":"https:\/\/intranet.velkytynec.cz\/index.php?rest_route=\/wp\/v2\/posts"}],"about":[{"href":"https:\/\/intranet.velkytynec.cz\/index.php?rest_route=\/wp\/v2\/types\/post"}],"author":[{"embeddable":true,"href":"https:\/\/intranet.velkytynec.cz\/index.php?rest_route=\/wp\/v2\/users\/1"}],"replies":[{"embeddable":true,"href":"https:\/\/intranet.velkytynec.cz\/index.php?rest_route=%2Fwp%2Fv2%2Fcomments&post=147"}],"version-history":[{"count":1,"href":"https:\/\/intranet.velkytynec.cz\/index.php?rest_route=\/wp\/v2\/posts\/147\/revisions"}],"predecessor-version":[{"id":148,"href":"https:\/\/intranet.velkytynec.cz\/index.php?rest_route=\/wp\/v2\/posts\/147\/revisions\/148"}],"wp:attachment":[{"href":"https:\/\/intranet.velkytynec.cz\/index.php?rest_route=%2Fwp%2Fv2%2Fmedia&parent=147"}],"wp:term":[{"taxonomy":"category","embeddable":true,"href":"https:\/\/intranet.velkytynec.cz\/index.php?rest_route=%2Fwp%2Fv2%2Fcategories&post=147"},{"taxonomy":"post_tag","embeddable":true,"href":"https:\/\/intranet.velkytynec.cz\/index.php?rest_route=%2Fwp%2Fv2%2Ftags&post=147"}],"curies":[{"name":"wp","href":"https:\/\/api.w.org\/{rel}","templated":true}]}}